{"id":2067,"date":"2025-01-28T10:29:40","date_gmt":"2025-01-28T10:29:40","guid":{"rendered":"https:\/\/fatoura.app\/blog\/?p=2067"},"modified":"2025-04-29T10:10:44","modified_gmt":"2025-04-29T10:10:44","slug":"facture-les-modalites-de-son-etablissement","status":"publish","type":"post","link":"https:\/\/fatoura.app\/blog\/facture-les-modalites-de-son-etablissement\/","title":{"rendered":"Facture: Les modalit\u00e9s de son  \u00e9tablissement"},"content":{"rendered":"<div class=\"prose max-w-none sm:prose-sm md:prose-base lg:prose-lg xl:prose-xl\">\n<p>Toute vente de biens ou prestation de services effectu\u00e9e entre les agents \u00e9conomiques doit faire l&#8217;objet d&#8217;une facture. <a href=\"https:\/\/www.commerce.gov.dz\/fr\/questions-frequentes\/themes\/facture\" target=\"_blank\" rel=\"noopener\" title=\"La facture\">La facture<\/a> est donc un document repr\u00e9sentant la preuve comptable d&#8217;un achat ou d&#8217;une vente de produits ou de services.<\/p>\n\n\n\n<p>Le vendeur est tenu de d\u00e9livrer la facture et l&#8217;acheteur de la r\u00e9clamer. Elle doit \u00eatre d\u00e9livr\u00e9e d\u00e8s la r\u00e9alisation de la vente ou de la prestation de services.<\/p>\n\n\n\n<p>Dans ses relations avec le consommateur, le vendeur doit obligatoirement la d\u00e9livrer si celui-ci en fait la demande.&nbsp;<\/p>\n\n\n\n<h2 class=\"wp-block-heading\"><strong>Mentions relatives au vendeur :<\/strong><\/h2>\n\n\n\n<p>La facture doit comporter les mentions, ci-apr\u00e8s:<\/p>\n\n\n\n<div class=\"wp-block-group is-layout-constrained wp-block-group-is-layout-constrained\">\n<p>&#8211; Nom et pr\u00e9nom de la personne physique.<\/p>\n\n\n\n<p>&#8211; D\u00e9nomination ou raison sociale de la personne morale.<\/p>\n\n\n\n<p>&#8211; Adresse, num\u00e9ros de t\u00e9l\u00e9phone et de fax ainsi que, le cas \u00e9ch\u00e9ant, l&#8217;adresse \u00e9lectronique.<\/p>\n\n\n\n<p>&#8211; Forme juridique de l&#8217;agent \u00e9conomique et nature de l&#8217;activit\u00e9.<\/p>\n\n\n\n<p>&#8211; Capital social, le cas \u00e9ch\u00e9ant.<\/p>\n\n\n\n<p>&#8211; Num\u00e9ro du registre du commerce.<\/p>\n\n\n\n<p>&#8211; Num\u00e9ro d&#8217;identification statistique.<\/p>\n\n\n\n<p>&#8211; Mode de paiement et date de r\u00e8glement de la facture.<\/p>\n\n\n\n<p>&#8211; Date d&#8217;\u00e9tablissement et num\u00e9ro d&#8217;ordre de la facture.<\/p>\n\n\n\n<p>&#8211; D\u00e9nomination et quantit\u00e9 des biens vendus et\/ou des prestations de services r\u00e9alis\u00e9es.<\/p>\n\n\n\n<p>-Prix unitaire hors taxes des biens vendus et\/ou des prestations de services r\u00e9alis\u00e9es.<\/p>\n\n\n\n<p>-Prix total hors taxes des biens vendus et\/ou des prestations de services r\u00e9alis\u00e9es.<\/p>\n\n\n\n<p>-Nature et taux des taxes et\/ou droits et\/ou contributions dus, suivant la nature des biens vendus et\/ou des prestations de services r\u00e9alis\u00e9es. La taxe sur la valeur ajout\u00e9e n&#8217;est pas mentionn\u00e9e si l&#8217;acheteur en est exon\u00e9r\u00e9.<\/p>\n\n\n\n<p>-Prix total toutes taxes comprises, libell\u00e9 en chiffres et en lettres.<\/p>\n<\/div>\n\n\n\n<h2 class=\"wp-block-heading\"><strong>Mentions relatives \u00e0 l&#8217;acheteur:<\/strong><\/h2>\n\n\n\n<p>Elle doit comporter les mentions, ci-apr\u00e8s:<\/p>\n\n\n\n<div class=\"wp-block-group is-layout-constrained wp-block-group-is-layout-constrained\">\n<p>&#8211; Nom et pr\u00e9nom de la personne physique.<\/p>\n\n\n\n<p>&#8211; D\u00e9nomination ou raison sociale de la personne morale.<\/p>\n\n\n\n<p>&#8211; Forme juridique et nature de l&#8217;activit\u00e9.<\/p>\n\n\n\n<p>&#8211; Adresse, num\u00e9ros de t\u00e9l\u00e9phone et de fax ainsi que, le cas \u00e9ch\u00e9ant, l&#8217;adresse \u00e9lectronique.<\/p>\n\n\n\n<p>&#8211; Num\u00e9ro du registre du commerce.<\/p>\n\n\n\n<p>&#8211; Num\u00e9ro d&#8217;identification statistique.<\/p>\n\n\n\n<p>Si l&#8217;acheteur est un consommateur, la facture doit mentionner son nom, pr\u00e9nom et adresse.&nbsp;<\/p>\n<\/div>\n\n\n\n<h2 class=\"wp-block-heading\"><strong>Comment cr\u00e9er une facture avec Fatoura ?<\/strong><\/h2>\n\n\n\n<p><a href=\"https:\/\/fatoura.app\/\" target=\"_blank\" rel=\"noopener\" title=\"Fatoura \">Fatoura <\/a>est un logiciel de facturation alg\u00e9rien, con\u00e7u pour r\u00e9pondre \u00e0 vos besoins de gestion de factures et gestion commerciale.<\/p>\n\n\n\n<p>En seulement 3 clics vous pouvez \u00e9tablir votre facture avec toute simplicit\u00e9 et conformit\u00e9 aux r\u00e8gles.<\/p>\n\n\n\n<figure class=\"wp-block-embed is-type-video is-provider-youtube wp-block-embed-youtube wp-embed-aspect-4-3 wp-has-aspect-ratio\"><div class=\"wp-block-embed__wrapper\">\n<iframe loading=\"lazy\" title=\"Comment cr\u00e9er une facture\" width=\"500\" height=\"375\" src=\"https:\/\/www.youtube.com\/embed\/JSjlsLOwlKY?feature=oembed\" frameborder=\"0\" allow=\"accelerometer; autoplay; clipboard-write; encrypted-media; gyroscope; picture-in-picture; web-share\" referrerpolicy=\"strict-origin-when-cross-origin\" allowfullscreen><\/iframe>\n<\/div><\/figure>\n\n\n\n<p><strong>R\u00e9inventez votre gestion . D\u00e9marrez votre essai gratuit d\u00e8s maintenant !<\/strong><\/p>\n<\/div>","protected":false},"excerpt":{"rendered":"<p>Toute vente de biens ou prestation de services effectu\u00e9e entre<a href=\"https:\/\/fatoura.app\/blog\/facture-les-modalites-de-son-etablissement\/\">Continue reading <span class=\"sr-only\">&#8220;Facture: Les modalit\u00e9s de son  \u00e9tablissement&#8221;<\/span><\/a><\/p>\n","protected":false},"author":12,"featured_media":2316,"comment_status":"open","ping_status":"open","sticky":false,"template":"","format":"standard","meta":{"footnotes":""},"categories":[21,25],"tags":[],"class_list":["post-2067","post","type-post","status-publish","format-standard","has-post-thumbnail","hentry","category-facturation","category-fatoura"],"aioseo_notices":[],"_links":{"self":[{"href":"https:\/\/fatoura.app\/blog\/wp-json\/wp\/v2\/posts\/2067","targetHints":{"allow":["GET"]}}],"collection":[{"href":"https:\/\/fatoura.app\/blog\/wp-json\/wp\/v2\/posts"}],"about":[{"href":"https:\/\/fatoura.app\/blog\/wp-json\/wp\/v2\/types\/post"}],"author":[{"embeddable":true,"href":"https:\/\/fatoura.app\/blog\/wp-json\/wp\/v2\/users\/12"}],"replies":[{"embeddable":true,"href":"https:\/\/fatoura.app\/blog\/wp-json\/wp\/v2\/comments?post=2067"}],"version-history":[{"count":3,"href":"https:\/\/fatoura.app\/blog\/wp-json\/wp\/v2\/posts\/2067\/revisions"}],"predecessor-version":[{"id":2071,"href":"https:\/\/fatoura.app\/blog\/wp-json\/wp\/v2\/posts\/2067\/revisions\/2071"}],"wp:featuredmedia":[{"embeddable":true,"href":"https:\/\/fatoura.app\/blog\/wp-json\/wp\/v2\/media\/2316"}],"wp:attachment":[{"href":"https:\/\/fatoura.app\/blog\/wp-json\/wp\/v2\/media?parent=2067"}],"wp:term":[{"taxonomy":"category","embeddable":true,"href":"https:\/\/fatoura.app\/blog\/wp-json\/wp\/v2\/categories?post=2067"},{"taxonomy":"post_tag","embeddable":true,"href":"https:\/\/fatoura.app\/blog\/wp-json\/wp\/v2\/tags?post=2067"}],"curies":[{"name":"wp","href":"https:\/\/api.w.org\/{rel}","templated":true}]}}