{"id":2702,"date":"2025-08-12T06:36:56","date_gmt":"2025-08-12T06:36:56","guid":{"rendered":"https:\/\/fatoura.app\/blog\/?p=2702"},"modified":"2025-08-13T13:44:53","modified_gmt":"2025-08-13T13:44:53","slug":"marketplace-algerie-le-reseau-b2b-integre-a-fatoura","status":"publish","type":"post","link":"https:\/\/fatoura.app\/blog\/marketplace-algerie-le-reseau-b2b-integre-a-fatoura\/","title":{"rendered":"Marketplace Alg\u00e9rie :Le R\u00e9seau B2B Int\u00e9gr\u00e9 \u00e0 Fatoura"},"content":{"rendered":"<div class=\"prose max-w-none sm:prose-sm md:prose-base lg:prose-lg xl:prose-xl\">\n<p><strong>Fatoura App<\/strong>, le logiciel de gestion commerciale et de facturation, ne se limite plus \u00e0 la cr\u00e9ation de devis et de factures. Il devient aujourd\u2019hui un <strong>v\u00e9ritable levier de croissance<\/strong> pour les entreprises en Alg\u00e9rie gr\u00e2ce \u00e0 l\u2019int\u00e9gration d\u2019un <strong>espace B2B innovant<\/strong> : le <strong>Marketplace Fatoura<\/strong>.<\/p>\n\n\n\n<figure class=\"wp-block-image size-large\"><img loading=\"lazy\" decoding=\"async\" width=\"1024\" height=\"608\" src=\"https:\/\/fatoura.app\/blog\/wp-content\/uploads\/2025\/08\/Capture-decran-2025-08-10-101012-1-1024x608.png\" alt=\"les cat\u00e9gories de la Markeplace de Fatoura app\" class=\"wp-image-2719\" srcset=\"https:\/\/fatoura.app\/blog\/wp-content\/uploads\/2025\/08\/Capture-decran-2025-08-10-101012-1-1024x608.png 1024w, https:\/\/fatoura.app\/blog\/wp-content\/uploads\/2025\/08\/Capture-decran-2025-08-10-101012-1-300x178.png 300w, https:\/\/fatoura.app\/blog\/wp-content\/uploads\/2025\/08\/Capture-decran-2025-08-10-101012-1-768x456.png 768w, https:\/\/fatoura.app\/blog\/wp-content\/uploads\/2025\/08\/Capture-decran-2025-08-10-101012-1-1536x912.png 1536w, https:\/\/fatoura.app\/blog\/wp-content\/uploads\/2025\/08\/Capture-decran-2025-08-10-101012-1.png 1652w\" sizes=\"auto, (max-width: 1024px) 100vw, 1024px\" \/><\/figure>\n\n\n\n<p>Pens\u00e9 pour favoriser les synergies entre professionnels, ce nouvel espace permet aux utilisateurs du logiciel d\u2019<strong>\u00e9changer des services, de d\u00e9velopper leur r\u00e9seau commercial<\/strong> et de b\u00e9n\u00e9ficier d\u2019<strong>avantages exclusifs<\/strong>, le tout dans un environnement s\u00e9curis\u00e9 et 100 % local.<\/p>\n\n\n\n<h2 class=\"wp-block-heading\"><strong>Une communaut\u00e9 d\u2019entreprises interconnect\u00e9es<\/strong><\/h2>\n\n\n\n<p>Avec le <strong>Marketplace Fatoura<\/strong>, chaque client peut d\u00e9sormais :<\/p>\n\n\n\n<ul class=\"wp-block-list\">\n<li>Pr\u00e9senter son activit\u00e9 et ses services \u00e0 l\u2019ensemble de la communaut\u00e9 Fatoura,<br><\/li>\n\n\n\n<li>Proposer des <strong>offres promotionnelles pouvant aller jusqu\u2019\u00e0 15 %<\/strong>, exclusivement r\u00e9serv\u00e9es aux autres utilisateurs du logiciel,<\/li>\n\n\n\n<li>B\u00e9n\u00e9ficiez d\u2019offres allant jusqu\u2019\u00e0 -15 % propos\u00e9es par d\u2019autres clients de Fatoura.<br><\/li>\n\n\n\n<li>Identifier de <strong>nouveaux partenaires, prestataires ou clients<\/strong>, au sein d\u2019un \u00e9cosyst\u00e8me professionnel d\u00e9j\u00e0 engag\u00e9 dans la digitalisation.<br><\/li>\n<\/ul>\n\n\n\n<div class=\"wp-block-cover aligncenter\" style=\"min-height:250px;aspect-ratio:unset;\"><img loading=\"lazy\" decoding=\"async\" width=\"1024\" height=\"341\" class=\"wp-block-cover__image-background wp-image-2801 size-large\" alt=\"Fatoura \" src=\"https:\/\/fatoura.app\/blog\/wp-content\/uploads\/2025\/08\/Votre-texte-de-paragraphe-2-1024x341.png\" style=\"object-position:50% 49%\" data-object-fit=\"cover\" data-object-position=\"50% 49%\" srcset=\"https:\/\/fatoura.app\/blog\/wp-content\/uploads\/2025\/08\/Votre-texte-de-paragraphe-2-1024x341.png 1024w, https:\/\/fatoura.app\/blog\/wp-content\/uploads\/2025\/08\/Votre-texte-de-paragraphe-2-300x100.png 300w, https:\/\/fatoura.app\/blog\/wp-content\/uploads\/2025\/08\/Votre-texte-de-paragraphe-2-768x256.png 768w, https:\/\/fatoura.app\/blog\/wp-content\/uploads\/2025\/08\/Votre-texte-de-paragraphe-2.png 1200w\" sizes=\"auto, (max-width: 1024px) 100vw, 1024px\" \/><span aria-hidden=\"true\" class=\"wp-block-cover__background has-background-dim\" style=\"background-color:#2e77bb\"><\/span><div class=\"wp-block-cover__inner-container is-layout-constrained wp-block-cover-is-layout-constrained\">\n<h2 class=\"wp-block-heading has-text-align-center has-background-color has-text-color has-link-color wp-elements-f2594fb55a9073ffcdeae7b67572daa9\" style=\"font-size:30px;font-style:normal;font-weight:400\"><strong>ESSAYER FATOURA  MAINTENAT! <\/strong><\/h2>\n\n\n\n<div class=\"wp-block-buttons is-content-justification-center is-layout-flex wp-container-core-buttons-is-layout-16018d1d wp-block-buttons-is-layout-flex\">\n<div class=\"wp-block-button\"><a class=\"wp-block-button__link has-tertiary-color has-background-background-color has-text-color has-background has-link-color wp-element-button\" href=\"https:\/\/fatoura.app\/\" style=\"border-radius:15px\">t\u00e9lecharger <\/a><\/div>\n<\/div>\n<\/div><\/div>\n\n\n\n<h2 class=\"wp-block-heading\"><strong>Une Marketplace simple, transparente et efficace<\/strong><\/h2>\n\n\n\n<p>L\u2019acc\u00e8s au marketplace est r\u00e9serv\u00e9 aux utilisateurs actifs de Fatoura. L\u2019espace est structur\u00e9 par secteurs d\u2019activit\u00e9, afin de faciliter la mise en relation et la recherche de services :<\/p>\n\n\n\n<ul class=\"wp-block-list\">\n<li>\u00c9ducation &amp; Formation<\/li>\n\n\n\n<li>Industrie &amp;&nbsp; Fabrication<\/li>\n\n\n\n<li>Froid &amp; Climatisation<\/li>\n\n\n\n<li>Traiteurs &amp; Gateaux<\/li>\n\n\n\n<li>Publicit\u00e9 &amp; Communication<\/li>\n<\/ul>\n\n\n\n<p>Et bien d&#8217;autres\u2026<br><\/p>\n\n\n\n<figure class=\"wp-block-image aligncenter size-large\"><img loading=\"lazy\" decoding=\"async\" width=\"1024\" height=\"599\" src=\"https:\/\/fatoura.app\/blog\/wp-content\/uploads\/2025\/08\/Capture-decran-2025-08-10-101429-1024x599.png\" alt=\"espace des entreprise dans la marketplace fatoura\" class=\"wp-image-2704\" srcset=\"https:\/\/fatoura.app\/blog\/wp-content\/uploads\/2025\/08\/Capture-decran-2025-08-10-101429-1024x599.png 1024w, https:\/\/fatoura.app\/blog\/wp-content\/uploads\/2025\/08\/Capture-decran-2025-08-10-101429-300x176.png 300w, https:\/\/fatoura.app\/blog\/wp-content\/uploads\/2025\/08\/Capture-decran-2025-08-10-101429-768x449.png 768w, https:\/\/fatoura.app\/blog\/wp-content\/uploads\/2025\/08\/Capture-decran-2025-08-10-101429-1536x899.png 1536w, https:\/\/fatoura.app\/blog\/wp-content\/uploads\/2025\/08\/Capture-decran-2025-08-10-101429.png 1644w\" sizes=\"auto, (max-width: 1024px) 100vw, 1024px\" \/><\/figure>\n\n\n\n<p>Sur Marketplace Alg\u00e9rie de Fatoura, retrouvez des entreprises comme <a href=\"https:\/\/revadex.com\/fr\/\" target=\"_blank\" rel=\"noopener\" title=\"\">Revadex<\/a>, <a href=\"https:\/\/www.abhvacsolution.dz\/\" target=\"_blank\" rel=\"noopener\" title=\"AB HVAC Solution\">AB HVAC Solution<\/a> , <a href=\"https:\/\/maddiffusion.com\/\" target=\"_blank\" rel=\"noopener\" title=\"\">MAD Diffusion<\/a> ou <a href=\"https:\/\/www.futurepowerstore.com\/\" target=\"_blank\" rel=\"noopener\" title=\"\">Future Power Store<\/a>. Chaque soci\u00e9t\u00e9 peut cr\u00e9er sa fiche d\u00e9di\u00e9e, pr\u00e9ciser les remises qu\u2019elle propose et consulter en toute autonomie les offres disponibles.<\/p>\n\n\n\n<h2 class=\"wp-block-heading\"><strong>Une r\u00e9ponse concr\u00e8te aux besoins du tissu \u00e9conomique alg\u00e9rien<\/strong><\/h2>\n\n\n\n<p>Ce service repose sur une id\u00e9e simple : <strong>valoriser les \u00e9changes entre professionnels locaux<\/strong> qui partagent une m\u00eame vision de la gestion moderne.<br>En s\u2019appuyant sur la communaut\u00e9 Fatoura, les entreprises peuvent :<\/p>\n\n\n\n<ul class=\"wp-block-list\">\n<li>R\u00e9duire leurs co\u00fbts gr\u00e2ce aux tarifs pr\u00e9f\u00e9rentiels,<br><\/li>\n\n\n\n<li>Augmenter leur visibilit\u00e9 dans un cercle de clients qualifi\u00e9s,<br><\/li>\n\n\n\n<li>Gagner du temps gr\u00e2ce \u00e0 une plateforme centralis\u00e9e,<br><\/li>\n\n\n\n<li>Renforcer leur image de marque en s\u2019int\u00e9grant \u00e0 un r\u00e9seau digitalis\u00e9.<br><\/li>\n<\/ul>\n\n\n\n<h2 class=\"wp-block-heading\"><strong>Cr\u00e9er de la valeur \u00e0 travers la collaboration<\/strong><\/h2>\n\n\n\n<p>Le <strong>Marketplace Fatoura<\/strong> s\u2019inscrit dans une logique d\u2019\u00e9conomie circulaire entre entreprises locales. Il favorise les partenariats strat\u00e9giques et les opportunit\u00e9s de croissance \u00e0 l\u2019\u00e9chelle nationale, tout en consolidant l\u2019usage d\u2019un outil de gestion pens\u00e9 <strong>sp\u00e9cifiquement pour le march\u00e9 alg\u00e9rien<\/strong>.<\/p>\n\n\n\n<figure class=\"wp-block-embed is-type-video is-provider-youtube wp-block-embed-youtube wp-embed-aspect-16-9 wp-has-aspect-ratio\"><div class=\"wp-block-embed__wrapper\">\n<iframe loading=\"lazy\" title=\"Fatoura Marketplace\" width=\"500\" height=\"281\" src=\"https:\/\/www.youtube.com\/embed\/zRG3FzjgDVw?feature=oembed\" frameborder=\"0\" allow=\"accelerometer; autoplay; clipboard-write; encrypted-media; gyroscope; picture-in-picture; web-share\" referrerpolicy=\"strict-origin-when-cross-origin\" allowfullscreen><\/iframe>\n<\/div><\/figure>\n\n\n\n<h3 class=\"wp-block-heading\"><strong>D\u00e9j\u00e0 utilisateur de <\/strong><a href=\"http:\/\/fatoura.app\/download?utm_source=blog\" target=\"_blank\" rel=\"noopener\" title=\"\"><strong>Fatoura<\/strong><\/a><strong> ? Rejoignez le mouvement.<\/strong><\/h3>\n\n\n\n<p>Activez d\u00e8s maintenant votre acc\u00e8s au Marketplace via votre espace client.<br>Si vous ne faites pas encore partie de l\u2019\u00e9cosyst\u00e8me Fatoura, c\u2019est le moment id\u00e9al pour adopter une solution de gestion performante qui va au-del\u00e0 de la simple facturation.<\/p>\n\n\n\n<p><\/p>\n<\/div>","protected":false},"excerpt":{"rendered":"<p>Fatoura App, le logiciel de gestion commerciale et de facturation,<a href=\"https:\/\/fatoura.app\/blog\/marketplace-algerie-le-reseau-b2b-integre-a-fatoura\/\">Continue reading <span class=\"sr-only\">&#8220;Marketplace Alg\u00e9rie :Le R\u00e9seau B2B Int\u00e9gr\u00e9 \u00e0 Fatoura&#8221;<\/span><\/a><\/p>\n","protected":false},"author":12,"featured_media":2724,"comment_status":"open","ping_status":"open","sticky":false,"template":"","format":"standard","meta":{"footnotes":""},"categories":[25],"tags":[],"class_list":["post-2702","post","type-post","status-publish","format-standard","has-post-thumbnail","hentry","category-fatoura"],"aioseo_notices":[],"_links":{"self":[{"href":"https:\/\/fatoura.app\/blog\/wp-json\/wp\/v2\/posts\/2702","targetHints":{"allow":["GET"]}}],"collection":[{"href":"https:\/\/fatoura.app\/blog\/wp-json\/wp\/v2\/posts"}],"about":[{"href":"https:\/\/fatoura.app\/blog\/wp-json\/wp\/v2\/types\/post"}],"author":[{"embeddable":true,"href":"https:\/\/fatoura.app\/blog\/wp-json\/wp\/v2\/users\/12"}],"replies":[{"embeddable":true,"href":"https:\/\/fatoura.app\/blog\/wp-json\/wp\/v2\/comments?post=2702"}],"version-history":[{"count":4,"href":"https:\/\/fatoura.app\/blog\/wp-json\/wp\/v2\/posts\/2702\/revisions"}],"predecessor-version":[{"id":2828,"href":"https:\/\/fatoura.app\/blog\/wp-json\/wp\/v2\/posts\/2702\/revisions\/2828"}],"wp:featuredmedia":[{"embeddable":true,"href":"https:\/\/fatoura.app\/blog\/wp-json\/wp\/v2\/media\/2724"}],"wp:attachment":[{"href":"https:\/\/fatoura.app\/blog\/wp-json\/wp\/v2\/media?parent=2702"}],"wp:term":[{"taxonomy":"category","embeddable":true,"href":"https:\/\/fatoura.app\/blog\/wp-json\/wp\/v2\/categories?post=2702"},{"taxonomy":"post_tag","embeddable":true,"href":"https:\/\/fatoura.app\/blog\/wp-json\/wp\/v2\/tags?post=2702"}],"curies":[{"name":"wp","href":"https:\/\/api.w.org\/{rel}","templated":true}]}}