{"id":3164,"date":"2025-11-13T10:51:38","date_gmt":"2025-11-13T10:51:38","guid":{"rendered":"https:\/\/fatoura.app\/blog\/?p=3164"},"modified":"2025-11-13T10:54:11","modified_gmt":"2025-11-13T10:54:11","slug":"irg-et-isf-quels-sont-les-nouveaux-delais","status":"publish","type":"post","link":"https:\/\/fatoura.app\/blog\/irg-et-isf-quels-sont-les-nouveaux-delais\/","title":{"rendered":"IRG et ISF: Quels sont les nouveaux d\u00e9lais?"},"content":{"rendered":"<div class=\"prose max-w-none sm:prose-sm md:prose-base lg:prose-lg xl:prose-xl\">\n<p>La Circulaire n\u00b0 69\/MF\/DGI\/LF.2025 du 03 novembre 2025, publi\u00e9e par le Minist\u00e8re des Finances, introduit des&nbsp;nouveaux d\u00e9lais d\u00e9claration fiscale 2025&nbsp;concernant la souscription des d\u00e9clarations. Ces changements, issus de la<a href=\"https:\/\/www.mfdgi.gov.dz\/fr\/a-propos\/actu-fr\/lf2025fr\" target=\"_blank\" rel=\"noopener\" title=\"\"> Loi de Finances pour 2025<\/a>, visent \u00e0 simplifier les d\u00e9marches pour les contribuables et \u00e0 am\u00e9liorer l&#8217;efficacit\u00e9 de l&#8217;administration fiscale. Voici les points essentiels \u00e0 conna\u00eetre concernant ces changements &nbsp;qui impactent directement vos obligations fiscales.<\/p>\n\n\n\n<h3 class=\"wp-block-heading\"><strong>Pourquoi ces nouveaux d\u00e9lais?<\/strong><\/h3>\n\n\n\n<p>\u00c0 l&#8217;origine, le d\u00e9lai court pour la d\u00e9claration de revenu global posait probl\u00e8me. Notamment, il g\u00e9n\u00e9rait des contraintes op\u00e9rationnelles pour l&#8217;administration. En effet, il emp\u00eachait une communication efficace entre les services fiscaux concernant les cr\u00e9dits d&#8217;imp\u00f4t. C&#8217;est pourquoi les dispositions ont \u00e9t\u00e9 modifi\u00e9es pour pallier ces difficult\u00e9s.<\/p>\n\n\n\n<figure class=\"wp-block-image size-large\"><img loading=\"lazy\" decoding=\"async\" width=\"1024\" height=\"872\" src=\"https:\/\/fatoura.app\/blog\/wp-content\/uploads\/2025\/11\/Artboard_2-1024x872.png\" alt=\"\" class=\"wp-image-3165\" srcset=\"https:\/\/fatoura.app\/blog\/wp-content\/uploads\/2025\/11\/Artboard_2-1024x872.png 1024w, https:\/\/fatoura.app\/blog\/wp-content\/uploads\/2025\/11\/Artboard_2-300x255.png 300w, https:\/\/fatoura.app\/blog\/wp-content\/uploads\/2025\/11\/Artboard_2-768x654.png 768w, https:\/\/fatoura.app\/blog\/wp-content\/uploads\/2025\/11\/Artboard_2.png 1321w\" sizes=\"auto, (max-width: 1024px) 100vw, 1024px\" \/><\/figure>\n\n\n\n<h3 class=\"wp-block-heading\"><strong>Le nouveau d\u00e9lai pour la d\u00e9claration annuelle de revenu global (s\u00e9rie G n\u00b01)<\/strong><\/h3>\n\n\n\n<p>L&#8217;article 7 de la Loi de Finances 2025 modifie d\u00e9sormais les dispositions de l&#8217;article 99-1 du CIDTA. Ainsi, le d\u00e9lai pour souscrire votre d\u00e9claration de revenu global (s\u00e9rie G n\u00b001) passe au 30 juin. Ce report vous permet notamment d&#8217;indiquer correctement tous vos cr\u00e9dits d&#8217;imp\u00f4t. En outre, l&#8217;administration a sp\u00e9cialement r\u00e9am\u00e9nag\u00e9 le formulaire avec un nouveau volet d\u00e9di\u00e9 \u00e0 ces cr\u00e9dits.<\/p>\n\n\n\n<figure class=\"wp-block-image size-large\"><img loading=\"lazy\" decoding=\"async\" width=\"1024\" height=\"510\" src=\"https:\/\/fatoura.app\/blog\/wp-content\/uploads\/2025\/11\/Artboard_3-1024x510.png\" alt=\"IRG\nLoi de finance 2025\" class=\"wp-image-3166\" srcset=\"https:\/\/fatoura.app\/blog\/wp-content\/uploads\/2025\/11\/Artboard_3-1024x510.png 1024w, https:\/\/fatoura.app\/blog\/wp-content\/uploads\/2025\/11\/Artboard_3-300x149.png 300w, https:\/\/fatoura.app\/blog\/wp-content\/uploads\/2025\/11\/Artboard_3-768x383.png 768w, https:\/\/fatoura.app\/blog\/wp-content\/uploads\/2025\/11\/Artboard_3.png 1321w\" sizes=\"auto, (max-width: 1024px) 100vw, 1024px\" \/><\/figure>\n\n\n\n<h3 class=\"wp-block-heading\"><strong>&nbsp;Un d\u00e9lai exceptionnel pour la d\u00e9claration de l&#8217;Imp\u00f4t sur la fortune (s\u00e9rie G n\u00b037)<\/strong><\/h3>\n\n\n\n<p>Pour l&#8217;Imp\u00f4t sur la Fortune (ISF), un d\u00e9lai exceptionnel a \u00e9t\u00e9 accord\u00e9 pour la souscription de la d\u00e9claration relative \u00e0 cet imp\u00f4t au titre de l\u2019ann\u00e9e 2025. Conform\u00e9ment \u00e0 l&#8217;article 21 de la <a href=\"https:\/\/fatoura.app\/blog\/loi-de-finances-2025-les-principales-nouveautes\/\" target=\"_blank\" rel=\"noopener\" title=\"\">Loi de Finances pour 2025<\/a>, ce d\u00e9lai est fix\u00e9 au plus tard le&nbsp;30 juin 2025.<\/p>\n\n\n\n<p>Cette mesure s\u2019inscrit dans le cadre d\u2019une action visant \u00e0 encourager les contribuables assujettis \u00e0 r\u00e9gulariser leur situation.<\/p>\n\n\n\n<figure class=\"wp-block-image size-large\"><img loading=\"lazy\" decoding=\"async\" width=\"1024\" height=\"365\" src=\"https:\/\/fatoura.app\/blog\/wp-content\/uploads\/2025\/11\/Artboard_2-1-1024x365.png\" alt=\"ISF Loi de finance\" class=\"wp-image-3167\" srcset=\"https:\/\/fatoura.app\/blog\/wp-content\/uploads\/2025\/11\/Artboard_2-1-1024x365.png 1024w, https:\/\/fatoura.app\/blog\/wp-content\/uploads\/2025\/11\/Artboard_2-1-300x107.png 300w, https:\/\/fatoura.app\/blog\/wp-content\/uploads\/2025\/11\/Artboard_2-1-768x274.png 768w, https:\/\/fatoura.app\/blog\/wp-content\/uploads\/2025\/11\/Artboard_2-1.png 1321w\" sizes=\"auto, (max-width: 1024px) 100vw, 1024px\" \/><\/figure>\n\n\n\n<p>L&#8217;administration fiscale adapte ses processus avec ces nouveaux d\u00e9lais pour l&#8217;IRG et l&#8217;ISF. Elle poursuit ainsi un double objectif : d&#8217;une part, elle offre plus de souplesse aux contribuables pour des d\u00e9clarations plus pr\u00e9cises ; d&#8217;autre part, elle renforce l&#8217;efficacit\u00e9 du recouvrement et la transparence fiscale. Par cons\u00e9quent, il devient crucial de respecter ces nouvelles \u00e9ch\u00e9ances pour l&#8217;ann\u00e9e fiscale 2025.<\/p>\n\n\n\n<p>Pour aller plus loin sur l&#8217;IRG <\/p>\n\n\n\n<figure class=\"wp-block-embed is-type-wp-embed is-provider-fatoura-blog wp-block-embed-fatoura-blog\"><div class=\"wp-block-embed__wrapper\">\n<blockquote class=\"wp-embedded-content\" data-secret=\"YY0gZ2HlL9\"><a href=\"https:\/\/fatoura.app\/blog\/irg-revenus-de-capitaux-mobiliers-salaires-et-plus-values-de-cession\/\">IRG : Revenus de Capitaux Mobiliers, Salaires et Plus-values de Cession<\/a><\/blockquote><iframe loading=\"lazy\" class=\"wp-embedded-content\" sandbox=\"allow-scripts\" security=\"restricted\" style=\"position: absolute; visibility: hidden;\" title=\"\u00ab\u00a0IRG : Revenus de Capitaux Mobiliers, Salaires et Plus-values de Cession\u00a0\u00bb &#8212; Fatoura Blog\" src=\"https:\/\/fatoura.app\/blog\/irg-revenus-de-capitaux-mobiliers-salaires-et-plus-values-de-cession\/embed\/#?secret=tdZ15FXZZy#?secret=YY0gZ2HlL9\" data-secret=\"YY0gZ2HlL9\" width=\"500\" height=\"282\" frameborder=\"0\" marginwidth=\"0\" marginheight=\"0\" scrolling=\"no\"><\/iframe>\n<\/div><\/figure>\n\n\n\n<figure class=\"wp-block-embed is-type-wp-embed is-provider-fatoura-blog wp-block-embed-fatoura-blog\"><div class=\"wp-block-embed__wrapper\">\n<blockquote class=\"wp-embedded-content\" data-secret=\"JkJEMGzmJL\"><a href=\"https:\/\/fatoura.app\/blog\/irg-focus-sur-les-revenus-professionnels-imposables-1\/\">IRG: Focus sur les revenus professionnels imposables-1<\/a><\/blockquote><iframe loading=\"lazy\" class=\"wp-embedded-content\" sandbox=\"allow-scripts\" security=\"restricted\" style=\"position: absolute; visibility: hidden;\" title=\"\u00ab\u00a0IRG: Focus sur les revenus professionnels imposables-1\u00a0\u00bb &#8212; Fatoura Blog\" src=\"https:\/\/fatoura.app\/blog\/irg-focus-sur-les-revenus-professionnels-imposables-1\/embed\/#?secret=LZm5tcLCBx#?secret=JkJEMGzmJL\" data-secret=\"JkJEMGzmJL\" width=\"500\" height=\"282\" frameborder=\"0\" marginwidth=\"0\" marginheight=\"0\" scrolling=\"no\"><\/iframe>\n<\/div><\/figure>\n\n\n\n<figure class=\"wp-block-embed is-type-wp-embed is-provider-fatoura-blog wp-block-embed-fatoura-blog\"><div class=\"wp-block-embed__wrapper\">\n<blockquote class=\"wp-embedded-content\" data-secret=\"CTpoms1iDX\"><a href=\"https:\/\/fatoura.app\/blog\/irg-focus-sur-les-revenus-professionnels-imposables-2\/\">IRG: Focus sur les revenus professionnels imposables-2<\/a><\/blockquote><iframe loading=\"lazy\" class=\"wp-embedded-content\" sandbox=\"allow-scripts\" security=\"restricted\" style=\"position: absolute; visibility: hidden;\" title=\"\u00ab\u00a0IRG: Focus sur les revenus professionnels imposables-2\u00a0\u00bb &#8212; Fatoura Blog\" src=\"https:\/\/fatoura.app\/blog\/irg-focus-sur-les-revenus-professionnels-imposables-2\/embed\/#?secret=rutMwm9vna#?secret=CTpoms1iDX\" data-secret=\"CTpoms1iDX\" width=\"500\" height=\"282\" frameborder=\"0\" marginwidth=\"0\" marginheight=\"0\" scrolling=\"no\"><\/iframe>\n<\/div><\/figure>\n\n\n\n<p><\/p>\n<\/div>","protected":false},"excerpt":{"rendered":"<p>La Circulaire n\u00b0 69\/MF\/DGI\/LF.2025 du 03 novembre 2025, publi\u00e9e par<a href=\"https:\/\/fatoura.app\/blog\/irg-et-isf-quels-sont-les-nouveaux-delais\/\">Continue reading <span class=\"sr-only\">&#8220;IRG et ISF: Quels sont les nouveaux d\u00e9lais?&#8221;<\/span><\/a><\/p>\n","protected":false},"author":12,"featured_media":3168,"comment_status":"open","ping_status":"open","sticky":false,"template":"","format":"standard","meta":{"footnotes":""},"categories":[19,23],"tags":[],"class_list":["post-3164","post","type-post","status-publish","format-standard","has-post-thumbnail","hentry","category-finance","category-fiscalite"],"aioseo_notices":[],"_links":{"self":[{"href":"https:\/\/fatoura.app\/blog\/wp-json\/wp\/v2\/posts\/3164","targetHints":{"allow":["GET"]}}],"collection":[{"href":"https:\/\/fatoura.app\/blog\/wp-json\/wp\/v2\/posts"}],"about":[{"href":"https:\/\/fatoura.app\/blog\/wp-json\/wp\/v2\/types\/post"}],"author":[{"embeddable":true,"href":"https:\/\/fatoura.app\/blog\/wp-json\/wp\/v2\/users\/12"}],"replies":[{"embeddable":true,"href":"https:\/\/fatoura.app\/blog\/wp-json\/wp\/v2\/comments?post=3164"}],"version-history":[{"count":2,"href":"https:\/\/fatoura.app\/blog\/wp-json\/wp\/v2\/posts\/3164\/revisions"}],"predecessor-version":[{"id":3173,"href":"https:\/\/fatoura.app\/blog\/wp-json\/wp\/v2\/posts\/3164\/revisions\/3173"}],"wp:featuredmedia":[{"embeddable":true,"href":"https:\/\/fatoura.app\/blog\/wp-json\/wp\/v2\/media\/3168"}],"wp:attachment":[{"href":"https:\/\/fatoura.app\/blog\/wp-json\/wp\/v2\/media?parent=3164"}],"wp:term":[{"taxonomy":"category","embeddable":true,"href":"https:\/\/fatoura.app\/blog\/wp-json\/wp\/v2\/categories?post=3164"},{"taxonomy":"post_tag","embeddable":true,"href":"https:\/\/fatoura.app\/blog\/wp-json\/wp\/v2\/tags?post=3164"}],"curies":[{"name":"wp","href":"https:\/\/api.w.org\/{rel}","templated":true}]}}