{"id":3468,"date":"2026-03-05T10:22:34","date_gmt":"2026-03-05T10:22:34","guid":{"rendered":"https:\/\/fatoura.app\/blog\/?p=3468"},"modified":"2026-03-05T10:47:27","modified_gmt":"2026-03-05T10:47:27","slug":"auto-entrepreneur-creer-un-dossier-fiscal","status":"publish","type":"post","link":"https:\/\/fatoura.app\/blog\/auto-entrepreneur-creer-un-dossier-fiscal\/","title":{"rendered":"Auto-entrepreneur: cr\u00e9er un dossier fiscal"},"content":{"rendered":"<div class=\"prose max-w-none sm:prose-sm md:prose-base lg:prose-lg xl:prose-xl\">\n<p>Bonne nouvelle pour les<a href=\"https:\/\/fatoura.app\/blog\/inscrire-comme-un-auto-entrepreneur-en-algerie\/\" target=\"_blank\" rel=\"noopener\" title=\"\"> auto-entrepreneurs <\/a>en Alg\u00e9rie. <a href=\"https:\/\/www.mfdgi.gov.dz\/fr\/\" target=\"_blank\" rel=\"noopener\" title=\"\">La Direction g\u00e9n\u00e9rale des imp\u00f4ts<\/a> (DGI) a r\u00e9cemment annonc\u00e9 la mise en place de proc\u00e9dures all\u00e9g\u00e9es pour l\u2019ouverture des dossiers fiscaux. L\u2019objectif est de simplifier les d\u00e9marches administratives et de permettre aux concern\u00e9s de se conformer plus facilement \u00e0 leurs obligations.<\/p>\n\n\n\n<figure class=\"wp-block-image size-full is-resized\"><img loading=\"lazy\" decoding=\"async\" width=\"305\" height=\"165\" src=\"https:\/\/fatoura.app\/blog\/wp-content\/uploads\/2026\/03\/image.png\" alt=\"\" class=\"wp-image-3471\" style=\"aspect-ratio:1.8485813384886565;width:323px;height:auto\" srcset=\"https:\/\/fatoura.app\/blog\/wp-content\/uploads\/2026\/03\/image.png 305w, https:\/\/fatoura.app\/blog\/wp-content\/uploads\/2026\/03\/image-300x162.png 300w\" sizes=\"auto, (max-width: 305px) 100vw, 305px\" \/><\/figure>\n\n\n\n<p>Voici tout ce qu\u2019il faut savoir sur cette nouvelle mesure.<\/p>\n\n\n\n<h3 class=\"wp-block-heading\"><strong>Les documents d\u00e9sormais requis<\/strong><\/h3>\n\n\n\n<p>D\u00e9sormais, pour effectuer sa d\u00e9claration d\u2019existence et ouvrir son dossier fiscal, l\u2019auto-entrepreneur n\u2019aura besoin que de trois (03) documents :<\/p>\n\n\n\n<ol class=\"wp-block-list\">\n<li>La carte de l\u2019auto-entrepreneur (justifiant le statut) <\/li>\n\n\n\n<li>L\u2019attestation du Num\u00e9ro d\u2019Identification Fiscale (NIF) , \u00e0 obtenir au pr\u00e9alable via le portail \u00e9lectronique d\u2019immatriculation fiscale <\/li>\n\n\n\n<li>Un justificatif d\u2019adresse du local o\u00f9 l\u2019activit\u00e9 est exerc\u00e9e. Il peut s\u2019agir de :\n<ul class=\"wp-block-list\">\n<li>Titre de propri\u00e9t\u00e9<\/li>\n\n\n\n<li>Contrat de location<\/li>\n\n\n\n<li>Certificat de r\u00e9sidence (dans le cas o\u00f9 l\u2019activit\u00e9 est exerc\u00e9e au domicile)<\/li>\n<\/ul>\n<\/li>\n<\/ol>\n\n\n\n<h3 class=\"wp-block-heading\"><strong>O\u00f9 et comment d\u00e9poser son dossier ?<\/strong><\/h3>\n\n\n\n<p>Le dossier complet doit \u00eatre d\u00e9pos\u00e9 physiquement aupr\u00e8s de l\u2019administration fiscale comp\u00e9tente :<\/p>\n\n\n\n<ul class=\"wp-block-list\">\n<li>Soit au Centre de Proximit\u00e9 des Imp\u00f4ts (CPI) <\/li>\n\n\n\n<li>Soit \u00e0 l\u2019Inspection des Imp\u00f4ts<\/li>\n\n\n\n<li>Selon le lieu d\u2019exercice de l\u2019activit\u00e9.<\/li>\n<\/ul>\n\n\n\n<h3 class=\"wp-block-heading\"><strong>Quels sont les avantages imm\u00e9diats ?<\/strong><\/h3>\n\n\n\n<p>L\u2019un des principaux atouts de cette nouvelle proc\u00e9dure est sa rapidit\u00e9. D\u00e8s le d\u00e9p\u00f4t du dossier, l\u2019administration s\u2019engage \u00e0 proc\u00e9der imm\u00e9diatement \u00e0 :<\/p>\n\n\n\n<ul class=\"wp-block-list\">\n<li>La validation du Num\u00e9ro d\u2019Identification Fiscale (NIF) ;<\/li>\n\n\n\n<li>La d\u00e9livrance du certificat d\u2019existence \u00ab C20 \u00bb , un document essentiel pour justifier de l\u2019existence l\u00e9gale de l\u2019activit\u00e9.<\/li>\n<\/ul>\n\n\n\n<h3 class=\"wp-block-heading\"><strong>Besoin d\u2019aide ou d\u2019information ?<\/strong><\/h3>\n\n\n\n<p>Si vous rencontrez des difficult\u00e9s dans le cadre de cette proc\u00e9dure, la Direction G\u00e9n\u00e9rale des Imp\u00f4ts met \u00e0 disposition une adresse \u00e9lectronique d\u00e9di\u00e9e pour les signaler :<\/p>\n\n\n\n<p>contact_dgi@mf.gov.dz<\/p>\n\n\n\n<p><\/p>\n<\/div>","protected":false},"excerpt":{"rendered":"<p>Bonne nouvelle pour les auto-entrepreneurs en Alg\u00e9rie. La Direction g\u00e9n\u00e9rale<a href=\"https:\/\/fatoura.app\/blog\/auto-entrepreneur-creer-un-dossier-fiscal\/\">Continue reading <span class=\"sr-only\">&#8220;Auto-entrepreneur: cr\u00e9er un dossier fiscal&#8221;<\/span><\/a><\/p>\n","protected":false},"author":12,"featured_media":3470,"comment_status":"open","ping_status":"open","sticky":false,"template":"","format":"standard","meta":{"footnotes":""},"categories":[24,23],"tags":[],"class_list":["post-3468","post","type-post","status-publish","format-standard","has-post-thumbnail","hentry","category-uto-entrepreneur","category-fiscalite"],"aioseo_notices":[],"_links":{"self":[{"href":"https:\/\/fatoura.app\/blog\/wp-json\/wp\/v2\/posts\/3468","targetHints":{"allow":["GET"]}}],"collection":[{"href":"https:\/\/fatoura.app\/blog\/wp-json\/wp\/v2\/posts"}],"about":[{"href":"https:\/\/fatoura.app\/blog\/wp-json\/wp\/v2\/types\/post"}],"author":[{"embeddable":true,"href":"https:\/\/fatoura.app\/blog\/wp-json\/wp\/v2\/users\/12"}],"replies":[{"embeddable":true,"href":"https:\/\/fatoura.app\/blog\/wp-json\/wp\/v2\/comments?post=3468"}],"version-history":[{"count":1,"href":"https:\/\/fatoura.app\/blog\/wp-json\/wp\/v2\/posts\/3468\/revisions"}],"predecessor-version":[{"id":3472,"href":"https:\/\/fatoura.app\/blog\/wp-json\/wp\/v2\/posts\/3468\/revisions\/3472"}],"wp:featuredmedia":[{"embeddable":true,"href":"https:\/\/fatoura.app\/blog\/wp-json\/wp\/v2\/media\/3470"}],"wp:attachment":[{"href":"https:\/\/fatoura.app\/blog\/wp-json\/wp\/v2\/media?parent=3468"}],"wp:term":[{"taxonomy":"category","embeddable":true,"href":"https:\/\/fatoura.app\/blog\/wp-json\/wp\/v2\/categories?post=3468"},{"taxonomy":"post_tag","embeddable":true,"href":"https:\/\/fatoura.app\/blog\/wp-json\/wp\/v2\/tags?post=3468"}],"curies":[{"name":"wp","href":"https:\/\/api.w.org\/{rel}","templated":true}]}}