{"id":699,"date":"2024-04-03T08:59:31","date_gmt":"2024-04-03T08:59:31","guid":{"rendered":"https:\/\/fatoura.app\/blog\/?p=699"},"modified":"2026-01-27T10:04:54","modified_gmt":"2026-01-27T10:04:54","slug":"modele-de-facture-pour-lauto-entrepreneur","status":"publish","type":"post","link":"https:\/\/fatoura.app\/blog\/modele-de-facture-pour-lauto-entrepreneur\/","title":{"rendered":"Mod\u00e8le de facture pour l\u2019auto-entrepreneur"},"content":{"rendered":"<div class=\"prose max-w-none sm:prose-sm md:prose-base lg:prose-lg xl:prose-xl\">\n<p>Avec le r\u00e9cent lancement de<a href=\"https:\/\/anae.dz\/#a_propos\" target=\"_blank\" rel=\"noopener\" title=\"\"> la loi sur l\u2019auto-entrepreneur<\/a> en Alg\u00e9rie, les professionnels ind\u00e9pendants ont d\u00e9sormais une opportunit\u00e9 unique de facturer leurs services de mani\u00e8re fluide et conforme. Par cons\u00e9quent, cette \u00e9volution l\u00e9gislative offre une flexibilit\u00e9 accrue aux auto-entrepreneurs.<\/p>\n\n\n\n<h2 class=\"wp-block-heading\">La facturation pour les auto-entrepreneurs <\/h2>\n\n\n\n<p>La facturation pour les auto-entrepreneurs est simplifi\u00e9e, surtout avec l\u2019exon\u00e9ration de la TVA, elle inclut les informations fiscales requises, telles que le num\u00e9ro d&#8217;identification fiscale et le num\u00e9ro d&#8217;immatriculation de leur carte. De m\u00eame, elle comporte les donn\u00e9es fiscales de leur client, notamment le nom, le NIF (Num\u00e9ro d&#8217;Identification Fiscale), le NIS (Num\u00e9ro d&#8217;Identification Sp\u00e9cifique), ainsi que l&#8217;article d&#8217;imposition.<\/p>\n\n\n\n<p>Il est essentiel que la facture mentionne la date d&#8217;\u00e9tablissement ainsi que la r\u00e9f\u00e9rence de la facture pour une tra\u00e7abilit\u00e9 efficace.<\/p>\n\n\n\n<p>Pour avoir plus d&#8217;informations sur les mentions obligatoires dans une facture, je vous invite \u00e0 lire notre blog <a href=\"https:\/\/fatoura.app\/blog\/la-facturation-en-algerie-en-bref\/\" target=\"_blank\" rel=\"noopener\" title=\"ici\">ici<\/a><\/p>\n\n\n\n<h2 class=\"wp-block-heading\">Les Imp\u00f4ts et Avantages Fiscaux des auto-Entrepreneurs<\/h2>\n\n\n\n<p>En accord avec <a href=\"https:\/\/fatoura.app\/blog\/les-declarations-necessaires-pour-les-auto-entrepreneurs-en-algerie\/\" target=\"_blank\" rel=\"noopener\" title=\"la loi 22-23\">la loi 22-23<\/a> instituant le statut d\u2019auto-entrepreneur, ces derniers sont assujettis \u00e0 une contribution fiscale de 0,5 % calcul\u00e9e sur leur chiffre d\u2019affaires annuel. En outre, les auto-entrepreneurs b\u00e9n\u00e9ficient d&#8217;une exon\u00e9ration de la Taxe sur la Valeur Ajout\u00e9e (TVA).<\/p>\n\n\n\n<figure class=\"wp-block-image size-large\"><img loading=\"lazy\" decoding=\"async\" width=\"1024\" height=\"679\" src=\"https:\/\/fatoura.app\/blog\/wp-content\/uploads\/2024\/04\/image-1-1024x679.png\" alt=\"facture auto-entrepreneur\" class=\"wp-image-3354\" srcset=\"https:\/\/fatoura.app\/blog\/wp-content\/uploads\/2024\/04\/image-1-1024x679.png 1024w, https:\/\/fatoura.app\/blog\/wp-content\/uploads\/2024\/04\/image-1-300x199.png 300w, https:\/\/fatoura.app\/blog\/wp-content\/uploads\/2024\/04\/image-1-768x509.png 768w, https:\/\/fatoura.app\/blog\/wp-content\/uploads\/2024\/04\/image-1.png 1186w\" sizes=\"auto, (max-width: 1024px) 100vw, 1024px\" \/><\/figure>\n\n\n\n<h2 class=\"wp-block-heading\">Fatoura pour les auto-entrepreneurs <\/h2>\n\n\n\n<p>Chez Fatoura, nous avons con\u00e7u un pack sp\u00e9cialement adapt\u00e9 aux besoins des auto-entrepreneurs, avec <a href=\"https:\/\/fatoura.app\/auto-entrepreneur\" target=\"_blank\" rel=\"noopener\" title=\"une r\u00e9duction exceptionnelle de 67%\">une r\u00e9duction exceptionnelle de 67%<\/a> sur l&#8217;abonnement annuel.<\/p>\n\n\n\n<p>D\u00e9couvrez d\u00e8s maintenant notre mod\u00e8le de facture exclusif con\u00e7u par notre solution Fatoura.<\/p>\n\n\n\n<p><a href=\"https:\/\/drive.google.com\/file\/d\/1_HXRzmG4B9M4TF040LTOPPo0GRgzLFf-\/view?usp=drive_link\" target=\"_blank\" rel=\"noopener\" title=\"Mod\u00e8le facture entrepreneur \">Mod\u00e8le facture entrepreneur <\/a><\/p>\n\n\n\n<p>Profitez d\u00e8s maintenant d&#8217;une <a href=\"https:\/\/fatoura.app\/auto-entrepreneur\" target=\"_blank\" rel=\"noopener\" title=\"p\u00e9riode d'essai gratuite\">p\u00e9riode d&#8217;essai gratuite<\/a> de 15 jours incluant toutes les fonctionnalit\u00e9s en cliquant <a href=\"https:\/\/fatoura.app\/download\" target=\"_blank\" rel=\"noopener\" title=\"ici\">ici<\/a>. Ne manquez pas cette opportunit\u00e9 !<\/p>\n<\/div>","protected":false},"excerpt":{"rendered":"<p>Avec le r\u00e9cent lancement de la loi sur l\u2019auto-entrepreneur en<a href=\"https:\/\/fatoura.app\/blog\/modele-de-facture-pour-lauto-entrepreneur\/\">Continue reading <span class=\"sr-only\">&#8220;Mod\u00e8le de facture pour l\u2019auto-entrepreneur&#8221;<\/span><\/a><\/p>\n","protected":false},"author":1,"featured_media":3352,"comment_status":"open","ping_status":"open","sticky":false,"template":"","format":"standard","meta":{"footnotes":""},"categories":[1],"tags":[],"class_list":["post-699","post","type-post","status-publish","format-standard","has-post-thumbnail","hentry","category-uncategorized"],"aioseo_notices":[],"_links":{"self":[{"href":"https:\/\/fatoura.app\/blog\/wp-json\/wp\/v2\/posts\/699","targetHints":{"allow":["GET"]}}],"collection":[{"href":"https:\/\/fatoura.app\/blog\/wp-json\/wp\/v2\/posts"}],"about":[{"href":"https:\/\/fatoura.app\/blog\/wp-json\/wp\/v2\/types\/post"}],"author":[{"embeddable":true,"href":"https:\/\/fatoura.app\/blog\/wp-json\/wp\/v2\/users\/1"}],"replies":[{"embeddable":true,"href":"https:\/\/fatoura.app\/blog\/wp-json\/wp\/v2\/comments?post=699"}],"version-history":[{"count":9,"href":"https:\/\/fatoura.app\/blog\/wp-json\/wp\/v2\/posts\/699\/revisions"}],"predecessor-version":[{"id":3355,"href":"https:\/\/fatoura.app\/blog\/wp-json\/wp\/v2\/posts\/699\/revisions\/3355"}],"wp:featuredmedia":[{"embeddable":true,"href":"https:\/\/fatoura.app\/blog\/wp-json\/wp\/v2\/media\/3352"}],"wp:attachment":[{"href":"https:\/\/fatoura.app\/blog\/wp-json\/wp\/v2\/media?parent=699"}],"wp:term":[{"taxonomy":"category","embeddable":true,"href":"https:\/\/fatoura.app\/blog\/wp-json\/wp\/v2\/categories?post=699"},{"taxonomy":"post_tag","embeddable":true,"href":"https:\/\/fatoura.app\/blog\/wp-json\/wp\/v2\/tags?post=699"}],"curies":[{"name":"wp","href":"https:\/\/api.w.org\/{rel}","templated":true}]}}